{"id":1793,"date":"2019-09-05T13:03:48","date_gmt":"2019-09-05T13:03:48","guid":{"rendered":"https:\/\/nova.zasip.si\/veliki-koncert-ko-bos-prisla-na-bled\/"},"modified":"2019-09-05T13:03:48","modified_gmt":"2019-09-05T13:03:48","slug":"veliki-koncert-ko-bos-prisla-na-bled","status":"publish","type":"post","link":"https:\/\/zasip.si\/en\/veliki-koncert-ko-bos-prisla-na-bled\/","title":{"rendered":"Veliki koncert &#8220;Ko bo\u0161 pri\u0161la na Bled&#8221;"},"content":{"rendered":"<p>V petek, 18.10.2019 ob 19:00 Kulturno umetni\u0161ko dru\u0161tvo Zasip vabi na veliki koncert v Festivalno dvorano Bled, kjer bodo za ekskluzivno zabavo poskrbeli BQL ter odli\u010dni vokalni skupini Canticum Novum in Gara\u017eni D\u00e9cet.<\/p>\n<p><!--more--><\/p>\n<p>Karte v predprodaji so na voljo na www.mojekarte.si ali na Turisti\u010dnem dru\u0161tvo Bled.<\/p>\n<p>Vstopnice za koncert je mo\u017eno kupiti tudi v KUD Zasip &#8211; v Domu krajanov, vsak ponedeljek do dneva prireditve od 18. do 19. ure. Lahko pokli\u010dete tudi na 031 654 213 (Dragica).<\/p>\n<p>Vabljeni!<\/p>\n","protected":false},"excerpt":{"rendered":"<p>V petek, 18.10.2019 ob 19:00 Kulturno umetni\u0161ko dru\u0161tvo Zasip vabi na veliki koncert v Festivalno dvorano Bled, kjer bodo za ekskluzivno zabavo poskrbeli BQL ter odli\u010dni vokalni skupini Canticum Novum in Gara\u017eni D\u00e9cet.<\/p>\n","protected":false},"author":1,"featured_media":0,"comment_status":"closed","ping_status":"closed","sticky":false,"template":"","format":"standard","meta":{"ngg_post_thumbnail":0,"footnotes":""},"categories":[8],"tags":[],"acf":[],"yoast_head":"<!-- This site is optimized with the Yoast SEO plugin v21.5 - https:\/\/yoast.com\/wordpress\/plugins\/seo\/ -->\n<title>Veliki koncert &quot;Ko bo\u0161 pri\u0161la na Bled&quot; - Turisti\u010dno dru\u0161tvo Zasip EN<\/title>\n<meta name=\"robots\" content=\"index, follow, max-snippet:-1, max-image-preview:large, max-video-preview:-1\" \/>\n<link rel=\"canonical\" href=\"https:\/\/zasip.si\/en\/veliki-koncert-ko-bos-prisla-na-bled\/\" \/>\n<meta property=\"og:locale\" content=\"en_US\" \/>\n<meta property=\"og:type\" content=\"article\" \/>\n<meta property=\"og:title\" content=\"Veliki koncert &quot;Ko bo\u0161 pri\u0161la na Bled&quot; - Turisti\u010dno dru\u0161tvo Zasip EN\" \/>\n<meta property=\"og:description\" content=\"V petek, 18.10.2019 ob 19:00 Kulturno umetni\u0161ko dru\u0161tvo Zasip vabi na veliki koncert v Festivalno dvorano Bled, kjer bodo za ekskluzivno zabavo poskrbeli BQL ter odli\u010dni vokalni skupini Canticum Novum in Gara\u017eni D\u00e9cet.\" \/>\n<meta property=\"og:url\" content=\"https:\/\/zasip.si\/en\/veliki-koncert-ko-bos-prisla-na-bled\/\" \/>\n<meta property=\"og:site_name\" content=\"Turisti\u010dno dru\u0161tvo Zasip EN\" \/>\n<meta property=\"article:published_time\" content=\"2019-09-05T13:03:48+00:00\" \/>\n<meta name=\"author\" content=\"TDZasip\" \/>\n<meta name=\"twitter:card\" content=\"summary_large_image\" \/>\n<meta name=\"twitter:label1\" content=\"Written by\" \/>\n\t<meta name=\"twitter:data1\" content=\"TDZasip\" \/>\n<script type=\"application\/ld+json\" class=\"yoast-schema-graph\">{\"@context\":\"https:\/\/schema.org\",\"@graph\":[{\"@type\":\"Article\",\"@id\":\"https:\/\/zasip.si\/en\/veliki-koncert-ko-bos-prisla-na-bled\/#article\",\"isPartOf\":{\"@id\":\"https:\/\/zasip.si\/en\/veliki-koncert-ko-bos-prisla-na-bled\/\"},\"author\":{\"name\":\"TDZasip\",\"@id\":\"https:\/\/zasip.si\/en\/#\/schema\/person\/37c28f9d9f0f88b4df5d8fe30622daaa\"},\"headline\":\"Veliki koncert &#8220;Ko bo\u0161 pri\u0161la na Bled&#8221;\",\"datePublished\":\"2019-09-05T13:03:48+00:00\",\"dateModified\":\"2019-09-05T13:03:48+00:00\",\"mainEntityOfPage\":{\"@id\":\"https:\/\/zasip.si\/en\/veliki-koncert-ko-bos-prisla-na-bled\/\"},\"wordCount\":91,\"publisher\":{\"@id\":\"https:\/\/zasip.si\/en\/#organization\"},\"articleSection\":[\"Prispevki\"],\"inLanguage\":\"en-US\"},{\"@type\":\"WebPage\",\"@id\":\"https:\/\/zasip.si\/en\/veliki-koncert-ko-bos-prisla-na-bled\/\",\"url\":\"https:\/\/zasip.si\/en\/veliki-koncert-ko-bos-prisla-na-bled\/\",\"name\":\"Veliki koncert \\\"Ko bo\u0161 pri\u0161la na Bled\\\" - Turisti\u010dno dru\u0161tvo Zasip EN\",\"isPartOf\":{\"@id\":\"https:\/\/zasip.si\/en\/#website\"},\"datePublished\":\"2019-09-05T13:03:48+00:00\",\"dateModified\":\"2019-09-05T13:03:48+00:00\",\"breadcrumb\":{\"@id\":\"https:\/\/zasip.si\/en\/veliki-koncert-ko-bos-prisla-na-bled\/#breadcrumb\"},\"inLanguage\":\"en-US\",\"potentialAction\":[{\"@type\":\"ReadAction\",\"target\":[\"https:\/\/zasip.si\/en\/veliki-koncert-ko-bos-prisla-na-bled\/\"]}]},{\"@type\":\"BreadcrumbList\",\"@id\":\"https:\/\/zasip.si\/en\/veliki-koncert-ko-bos-prisla-na-bled\/#breadcrumb\",\"itemListElement\":[{\"@type\":\"ListItem\",\"position\":1,\"name\":\"Home\",\"item\":\"https:\/\/zasip.si\/en\/\"},{\"@type\":\"ListItem\",\"position\":2,\"name\":\"Veliki koncert &#8220;Ko bo\u0161 pri\u0161la na Bled&#8221;\"}]},{\"@type\":\"WebSite\",\"@id\":\"https:\/\/zasip.si\/en\/#website\",\"url\":\"https:\/\/zasip.si\/en\/\",\"name\":\"Turisti\u010dno dru\u0161tvo Zasip EN\",\"description\":\"\",\"publisher\":{\"@id\":\"https:\/\/zasip.si\/en\/#organization\"},\"potentialAction\":[{\"@type\":\"SearchAction\",\"target\":{\"@type\":\"EntryPoint\",\"urlTemplate\":\"https:\/\/zasip.si\/en\/?s={search_term_string}\"},\"query-input\":\"required name=search_term_string\"}],\"inLanguage\":\"en-US\"},{\"@type\":\"Organization\",\"@id\":\"https:\/\/zasip.si\/en\/#organization\",\"name\":\"Turisti\u010dno dru\u0161tvo Zasip EN\",\"url\":\"https:\/\/zasip.si\/en\/\",\"logo\":{\"@type\":\"ImageObject\",\"inLanguage\":\"en-US\",\"@id\":\"https:\/\/zasip.si\/en\/#\/schema\/logo\/image\/\",\"url\":\"https:\/\/zasip.si\/en\/wp-content\/uploads\/sites\/2\/2023\/05\/PRGARIJA_LOGO-24.png\",\"contentUrl\":\"https:\/\/zasip.si\/en\/wp-content\/uploads\/sites\/2\/2023\/05\/PRGARIJA_LOGO-24.png\",\"width\":1182,\"height\":1182,\"caption\":\"Turisti\u010dno dru\u0161tvo Zasip EN\"},\"image\":{\"@id\":\"https:\/\/zasip.si\/en\/#\/schema\/logo\/image\/\"}},{\"@type\":\"Person\",\"@id\":\"https:\/\/zasip.si\/en\/#\/schema\/person\/37c28f9d9f0f88b4df5d8fe30622daaa\",\"name\":\"TDZasip\",\"image\":{\"@type\":\"ImageObject\",\"inLanguage\":\"en-US\",\"@id\":\"https:\/\/zasip.si\/en\/#\/schema\/person\/image\/\",\"url\":\"https:\/\/secure.gravatar.com\/avatar\/55002ec3127f635e833edf5714ec0644?s=96&d=mm&r=g\",\"contentUrl\":\"https:\/\/secure.gravatar.com\/avatar\/55002ec3127f635e833edf5714ec0644?s=96&d=mm&r=g\",\"caption\":\"TDZasip\"},\"sameAs\":[\"https:\/\/zasip.si\"],\"url\":\"https:\/\/zasip.si\/en\/author\/tdzasip\/\"}]}<\/script>\n<!-- \/ Yoast SEO plugin. -->","yoast_head_json":{"title":"Veliki koncert \"Ko bo\u0161 pri\u0161la na Bled\" - Turisti\u010dno dru\u0161tvo Zasip EN","robots":{"index":"index","follow":"follow","max-snippet":"max-snippet:-1","max-image-preview":"max-image-preview:large","max-video-preview":"max-video-preview:-1"},"canonical":"https:\/\/zasip.si\/en\/veliki-koncert-ko-bos-prisla-na-bled\/","og_locale":"en_US","og_type":"article","og_title":"Veliki koncert \"Ko bo\u0161 pri\u0161la na Bled\" - Turisti\u010dno dru\u0161tvo Zasip EN","og_description":"V petek, 18.10.2019 ob 19:00 Kulturno umetni\u0161ko dru\u0161tvo Zasip vabi na veliki koncert v Festivalno dvorano Bled, kjer bodo za ekskluzivno zabavo poskrbeli BQL ter odli\u010dni vokalni skupini Canticum Novum in Gara\u017eni D\u00e9cet.","og_url":"https:\/\/zasip.si\/en\/veliki-koncert-ko-bos-prisla-na-bled\/","og_site_name":"Turisti\u010dno dru\u0161tvo Zasip EN","article_published_time":"2019-09-05T13:03:48+00:00","author":"TDZasip","twitter_card":"summary_large_image","twitter_misc":{"Written by":"TDZasip"},"schema":{"@context":"https:\/\/schema.org","@graph":[{"@type":"Article","@id":"https:\/\/zasip.si\/en\/veliki-koncert-ko-bos-prisla-na-bled\/#article","isPartOf":{"@id":"https:\/\/zasip.si\/en\/veliki-koncert-ko-bos-prisla-na-bled\/"},"author":{"name":"TDZasip","@id":"https:\/\/zasip.si\/en\/#\/schema\/person\/37c28f9d9f0f88b4df5d8fe30622daaa"},"headline":"Veliki koncert &#8220;Ko bo\u0161 pri\u0161la na Bled&#8221;","datePublished":"2019-09-05T13:03:48+00:00","dateModified":"2019-09-05T13:03:48+00:00","mainEntityOfPage":{"@id":"https:\/\/zasip.si\/en\/veliki-koncert-ko-bos-prisla-na-bled\/"},"wordCount":91,"publisher":{"@id":"https:\/\/zasip.si\/en\/#organization"},"articleSection":["Prispevki"],"inLanguage":"en-US"},{"@type":"WebPage","@id":"https:\/\/zasip.si\/en\/veliki-koncert-ko-bos-prisla-na-bled\/","url":"https:\/\/zasip.si\/en\/veliki-koncert-ko-bos-prisla-na-bled\/","name":"Veliki koncert \"Ko bo\u0161 pri\u0161la na Bled\" - Turisti\u010dno dru\u0161tvo Zasip EN","isPartOf":{"@id":"https:\/\/zasip.si\/en\/#website"},"datePublished":"2019-09-05T13:03:48+00:00","dateModified":"2019-09-05T13:03:48+00:00","breadcrumb":{"@id":"https:\/\/zasip.si\/en\/veliki-koncert-ko-bos-prisla-na-bled\/#breadcrumb"},"inLanguage":"en-US","potentialAction":[{"@type":"ReadAction","target":["https:\/\/zasip.si\/en\/veliki-koncert-ko-bos-prisla-na-bled\/"]}]},{"@type":"BreadcrumbList","@id":"https:\/\/zasip.si\/en\/veliki-koncert-ko-bos-prisla-na-bled\/#breadcrumb","itemListElement":[{"@type":"ListItem","position":1,"name":"Home","item":"https:\/\/zasip.si\/en\/"},{"@type":"ListItem","position":2,"name":"Veliki koncert &#8220;Ko bo\u0161 pri\u0161la na Bled&#8221;"}]},{"@type":"WebSite","@id":"https:\/\/zasip.si\/en\/#website","url":"https:\/\/zasip.si\/en\/","name":"Turisti\u010dno dru\u0161tvo Zasip EN","description":"","publisher":{"@id":"https:\/\/zasip.si\/en\/#organization"},"potentialAction":[{"@type":"SearchAction","target":{"@type":"EntryPoint","urlTemplate":"https:\/\/zasip.si\/en\/?s={search_term_string}"},"query-input":"required name=search_term_string"}],"inLanguage":"en-US"},{"@type":"Organization","@id":"https:\/\/zasip.si\/en\/#organization","name":"Turisti\u010dno dru\u0161tvo Zasip EN","url":"https:\/\/zasip.si\/en\/","logo":{"@type":"ImageObject","inLanguage":"en-US","@id":"https:\/\/zasip.si\/en\/#\/schema\/logo\/image\/","url":"https:\/\/zasip.si\/en\/wp-content\/uploads\/sites\/2\/2023\/05\/PRGARIJA_LOGO-24.png","contentUrl":"https:\/\/zasip.si\/en\/wp-content\/uploads\/sites\/2\/2023\/05\/PRGARIJA_LOGO-24.png","width":1182,"height":1182,"caption":"Turisti\u010dno dru\u0161tvo Zasip EN"},"image":{"@id":"https:\/\/zasip.si\/en\/#\/schema\/logo\/image\/"}},{"@type":"Person","@id":"https:\/\/zasip.si\/en\/#\/schema\/person\/37c28f9d9f0f88b4df5d8fe30622daaa","name":"TDZasip","image":{"@type":"ImageObject","inLanguage":"en-US","@id":"https:\/\/zasip.si\/en\/#\/schema\/person\/image\/","url":"https:\/\/secure.gravatar.com\/avatar\/55002ec3127f635e833edf5714ec0644?s=96&d=mm&r=g","contentUrl":"https:\/\/secure.gravatar.com\/avatar\/55002ec3127f635e833edf5714ec0644?s=96&d=mm&r=g","caption":"TDZasip"},"sameAs":["https:\/\/zasip.si"],"url":"https:\/\/zasip.si\/en\/author\/tdzasip\/"}]}},"_links":{"self":[{"href":"https:\/\/zasip.si\/en\/wp-json\/wp\/v2\/posts\/1793"}],"collection":[{"href":"https:\/\/zasip.si\/en\/wp-json\/wp\/v2\/posts"}],"about":[{"href":"https:\/\/zasip.si\/en\/wp-json\/wp\/v2\/types\/post"}],"author":[{"embeddable":true,"href":"https:\/\/zasip.si\/en\/wp-json\/wp\/v2\/users\/1"}],"replies":[{"embeddable":true,"href":"https:\/\/zasip.si\/en\/wp-json\/wp\/v2\/comments?post=1793"}],"version-history":[{"count":0,"href":"https:\/\/zasip.si\/en\/wp-json\/wp\/v2\/posts\/1793\/revisions"}],"wp:attachment":[{"href":"https:\/\/zasip.si\/en\/wp-json\/wp\/v2\/media?parent=1793"}],"wp:term":[{"taxonomy":"category","embeddable":true,"href":"https:\/\/zasip.si\/en\/wp-json\/wp\/v2\/categories?post=1793"},{"taxonomy":"post_tag","embeddable":true,"href":"https:\/\/zasip.si\/en\/wp-json\/wp\/v2\/tags?post=1793"}],"curies":[{"name":"wp","href":"https:\/\/api.w.org\/{rel}","templated":true}]}}