{"id":1795,"date":"2019-09-13T12:53:24","date_gmt":"2019-09-13T12:53:24","guid":{"rendered":"https:\/\/nova.zasip.si\/blejski-kolesarski-krog\/"},"modified":"2019-09-13T12:53:24","modified_gmt":"2019-09-13T12:53:24","slug":"blejski-kolesarski-krog","status":"publish","type":"post","link":"https:\/\/zasip.si\/en\/blejski-kolesarski-krog\/","title":{"rendered":"Blejski kolesarski krog"},"content":{"rendered":"<div>Ob zaklju\u010dku tedna mobilnosti blejska turisti\u010dna dru\u0161tva vabijo na aktivno pre\u017eivljanje sobotnega dopoldneva.<br \/>\n<!--more--><br \/>\nBlejski kolesarski krog bo potekal v soboto, 21.9. na trasi Bled-Zasip-Bohinjska Bela-Selo-Bode\u0161\u010de-Ribno.<\/div>\n<div>\u00a0<\/div>\n<div>Zbor kolesarjev bo ob 10. uri pred info centrom Triglavska ro\u017ea Bled. Na posameznih postajah bo poskrbljeno za okrep\u010dilo.<\/div>\n<div>\u00a0<\/div>\n<div>\u00a0<\/div>\n<div>\u00a0<\/div>\n<div>\u00a0<\/div>\n<div>\u00a0<\/div>\n<div>\u00a0<\/div>\n<div>\u00a0<\/div>\n<div>\u00a0<\/div>\n<div>\u00a0<\/div>\n<div>\u00a0<\/div>\n<div>\u00a0<\/div>\n<div>\u00a0<\/div>\n<div>\u00a0<\/div>\n<div>\u00a0<\/div>\n<div>\u00a0<\/div>\n<div>\u00a0<\/div>\n<div>\u00a0<\/div>\n<div>\u00a0<\/div>\n<div>\u00a0<\/div>\n<div>\u00a0<\/div>\n<div>\u00a0<\/div>\n<div>\u00a0<\/div>\n<div>\u00a0<\/div>\n<div>\u00a0<\/div>\n<div>\u00a0<\/div>\n<div>\u00a0<\/div>\n<div>\u00a0<\/div>\n<div>\u00a0<\/div>\n<div>\u00a0<\/div>\n<div>\u00a0<\/div>\n<div>\u00a0<\/div>\n<div>\u00a0<\/div>\n<div>Vabljeni!<\/div>\n<p>\u00a0<\/p>\n","protected":false},"excerpt":{"rendered":"<p>Ob zaklju\u010dku tedna mobilnosti blejska turisti\u010dna dru\u0161tva vabijo na aktivno pre\u017eivljanje sobotnega dopoldneva.<\/p>\n","protected":false},"author":1,"featured_media":0,"comment_status":"closed","ping_status":"closed","sticky":false,"template":"","format":"standard","meta":{"ngg_post_thumbnail":0,"footnotes":""},"categories":[8],"tags":[],"acf":[],"yoast_head":"<!-- This site is optimized with the Yoast SEO plugin v21.5 - https:\/\/yoast.com\/wordpress\/plugins\/seo\/ -->\n<title>Blejski kolesarski krog - Turisti\u010dno dru\u0161tvo Zasip EN<\/title>\n<meta name=\"robots\" content=\"index, follow, max-snippet:-1, max-image-preview:large, max-video-preview:-1\" \/>\n<link rel=\"canonical\" href=\"https:\/\/zasip.si\/en\/blejski-kolesarski-krog\/\" \/>\n<meta property=\"og:locale\" content=\"en_US\" \/>\n<meta property=\"og:type\" content=\"article\" \/>\n<meta property=\"og:title\" content=\"Blejski kolesarski krog - Turisti\u010dno dru\u0161tvo Zasip EN\" \/>\n<meta property=\"og:description\" content=\"Ob zaklju\u010dku tedna mobilnosti blejska turisti\u010dna dru\u0161tva vabijo na aktivno pre\u017eivljanje sobotnega dopoldneva.\" \/>\n<meta property=\"og:url\" content=\"https:\/\/zasip.si\/en\/blejski-kolesarski-krog\/\" \/>\n<meta property=\"og:site_name\" content=\"Turisti\u010dno dru\u0161tvo Zasip EN\" \/>\n<meta property=\"article:published_time\" content=\"2019-09-13T12:53:24+00:00\" \/>\n<meta name=\"author\" content=\"TDZasip\" \/>\n<meta name=\"twitter:card\" content=\"summary_large_image\" \/>\n<meta name=\"twitter:label1\" content=\"Written by\" \/>\n\t<meta name=\"twitter:data1\" content=\"TDZasip\" \/>\n<script type=\"application\/ld+json\" class=\"yoast-schema-graph\">{\"@context\":\"https:\/\/schema.org\",\"@graph\":[{\"@type\":\"Article\",\"@id\":\"https:\/\/zasip.si\/en\/blejski-kolesarski-krog\/#article\",\"isPartOf\":{\"@id\":\"https:\/\/zasip.si\/en\/blejski-kolesarski-krog\/\"},\"author\":{\"name\":\"TDZasip\",\"@id\":\"https:\/\/zasip.si\/en\/#\/schema\/person\/37c28f9d9f0f88b4df5d8fe30622daaa\"},\"headline\":\"Blejski kolesarski krog\",\"datePublished\":\"2019-09-13T12:53:24+00:00\",\"dateModified\":\"2019-09-13T12:53:24+00:00\",\"mainEntityOfPage\":{\"@id\":\"https:\/\/zasip.si\/en\/blejski-kolesarski-krog\/\"},\"wordCount\":53,\"publisher\":{\"@id\":\"https:\/\/zasip.si\/en\/#organization\"},\"articleSection\":[\"Prispevki\"],\"inLanguage\":\"en-US\"},{\"@type\":\"WebPage\",\"@id\":\"https:\/\/zasip.si\/en\/blejski-kolesarski-krog\/\",\"url\":\"https:\/\/zasip.si\/en\/blejski-kolesarski-krog\/\",\"name\":\"Blejski kolesarski krog - Turisti\u010dno dru\u0161tvo Zasip EN\",\"isPartOf\":{\"@id\":\"https:\/\/zasip.si\/en\/#website\"},\"datePublished\":\"2019-09-13T12:53:24+00:00\",\"dateModified\":\"2019-09-13T12:53:24+00:00\",\"breadcrumb\":{\"@id\":\"https:\/\/zasip.si\/en\/blejski-kolesarski-krog\/#breadcrumb\"},\"inLanguage\":\"en-US\",\"potentialAction\":[{\"@type\":\"ReadAction\",\"target\":[\"https:\/\/zasip.si\/en\/blejski-kolesarski-krog\/\"]}]},{\"@type\":\"BreadcrumbList\",\"@id\":\"https:\/\/zasip.si\/en\/blejski-kolesarski-krog\/#breadcrumb\",\"itemListElement\":[{\"@type\":\"ListItem\",\"position\":1,\"name\":\"Home\",\"item\":\"https:\/\/zasip.si\/en\/\"},{\"@type\":\"ListItem\",\"position\":2,\"name\":\"Blejski kolesarski krog\"}]},{\"@type\":\"WebSite\",\"@id\":\"https:\/\/zasip.si\/en\/#website\",\"url\":\"https:\/\/zasip.si\/en\/\",\"name\":\"Turisti\u010dno dru\u0161tvo Zasip EN\",\"description\":\"\",\"publisher\":{\"@id\":\"https:\/\/zasip.si\/en\/#organization\"},\"potentialAction\":[{\"@type\":\"SearchAction\",\"target\":{\"@type\":\"EntryPoint\",\"urlTemplate\":\"https:\/\/zasip.si\/en\/?s={search_term_string}\"},\"query-input\":\"required name=search_term_string\"}],\"inLanguage\":\"en-US\"},{\"@type\":\"Organization\",\"@id\":\"https:\/\/zasip.si\/en\/#organization\",\"name\":\"Turisti\u010dno dru\u0161tvo Zasip EN\",\"url\":\"https:\/\/zasip.si\/en\/\",\"logo\":{\"@type\":\"ImageObject\",\"inLanguage\":\"en-US\",\"@id\":\"https:\/\/zasip.si\/en\/#\/schema\/logo\/image\/\",\"url\":\"https:\/\/zasip.si\/en\/wp-content\/uploads\/sites\/2\/2023\/05\/PRGARIJA_LOGO-24.png\",\"contentUrl\":\"https:\/\/zasip.si\/en\/wp-content\/uploads\/sites\/2\/2023\/05\/PRGARIJA_LOGO-24.png\",\"width\":1182,\"height\":1182,\"caption\":\"Turisti\u010dno dru\u0161tvo Zasip EN\"},\"image\":{\"@id\":\"https:\/\/zasip.si\/en\/#\/schema\/logo\/image\/\"}},{\"@type\":\"Person\",\"@id\":\"https:\/\/zasip.si\/en\/#\/schema\/person\/37c28f9d9f0f88b4df5d8fe30622daaa\",\"name\":\"TDZasip\",\"image\":{\"@type\":\"ImageObject\",\"inLanguage\":\"en-US\",\"@id\":\"https:\/\/zasip.si\/en\/#\/schema\/person\/image\/\",\"url\":\"https:\/\/secure.gravatar.com\/avatar\/55002ec3127f635e833edf5714ec0644?s=96&d=mm&r=g\",\"contentUrl\":\"https:\/\/secure.gravatar.com\/avatar\/55002ec3127f635e833edf5714ec0644?s=96&d=mm&r=g\",\"caption\":\"TDZasip\"},\"sameAs\":[\"https:\/\/zasip.si\"],\"url\":\"https:\/\/zasip.si\/en\/author\/tdzasip\/\"}]}<\/script>\n<!-- \/ Yoast SEO plugin. -->","yoast_head_json":{"title":"Blejski kolesarski krog - Turisti\u010dno dru\u0161tvo Zasip EN","robots":{"index":"index","follow":"follow","max-snippet":"max-snippet:-1","max-image-preview":"max-image-preview:large","max-video-preview":"max-video-preview:-1"},"canonical":"https:\/\/zasip.si\/en\/blejski-kolesarski-krog\/","og_locale":"en_US","og_type":"article","og_title":"Blejski kolesarski krog - Turisti\u010dno dru\u0161tvo Zasip EN","og_description":"Ob zaklju\u010dku tedna mobilnosti blejska turisti\u010dna dru\u0161tva vabijo na aktivno pre\u017eivljanje sobotnega dopoldneva.","og_url":"https:\/\/zasip.si\/en\/blejski-kolesarski-krog\/","og_site_name":"Turisti\u010dno dru\u0161tvo Zasip EN","article_published_time":"2019-09-13T12:53:24+00:00","author":"TDZasip","twitter_card":"summary_large_image","twitter_misc":{"Written by":"TDZasip"},"schema":{"@context":"https:\/\/schema.org","@graph":[{"@type":"Article","@id":"https:\/\/zasip.si\/en\/blejski-kolesarski-krog\/#article","isPartOf":{"@id":"https:\/\/zasip.si\/en\/blejski-kolesarski-krog\/"},"author":{"name":"TDZasip","@id":"https:\/\/zasip.si\/en\/#\/schema\/person\/37c28f9d9f0f88b4df5d8fe30622daaa"},"headline":"Blejski kolesarski krog","datePublished":"2019-09-13T12:53:24+00:00","dateModified":"2019-09-13T12:53:24+00:00","mainEntityOfPage":{"@id":"https:\/\/zasip.si\/en\/blejski-kolesarski-krog\/"},"wordCount":53,"publisher":{"@id":"https:\/\/zasip.si\/en\/#organization"},"articleSection":["Prispevki"],"inLanguage":"en-US"},{"@type":"WebPage","@id":"https:\/\/zasip.si\/en\/blejski-kolesarski-krog\/","url":"https:\/\/zasip.si\/en\/blejski-kolesarski-krog\/","name":"Blejski kolesarski krog - Turisti\u010dno dru\u0161tvo Zasip EN","isPartOf":{"@id":"https:\/\/zasip.si\/en\/#website"},"datePublished":"2019-09-13T12:53:24+00:00","dateModified":"2019-09-13T12:53:24+00:00","breadcrumb":{"@id":"https:\/\/zasip.si\/en\/blejski-kolesarski-krog\/#breadcrumb"},"inLanguage":"en-US","potentialAction":[{"@type":"ReadAction","target":["https:\/\/zasip.si\/en\/blejski-kolesarski-krog\/"]}]},{"@type":"BreadcrumbList","@id":"https:\/\/zasip.si\/en\/blejski-kolesarski-krog\/#breadcrumb","itemListElement":[{"@type":"ListItem","position":1,"name":"Home","item":"https:\/\/zasip.si\/en\/"},{"@type":"ListItem","position":2,"name":"Blejski kolesarski krog"}]},{"@type":"WebSite","@id":"https:\/\/zasip.si\/en\/#website","url":"https:\/\/zasip.si\/en\/","name":"Turisti\u010dno dru\u0161tvo Zasip EN","description":"","publisher":{"@id":"https:\/\/zasip.si\/en\/#organization"},"potentialAction":[{"@type":"SearchAction","target":{"@type":"EntryPoint","urlTemplate":"https:\/\/zasip.si\/en\/?s={search_term_string}"},"query-input":"required name=search_term_string"}],"inLanguage":"en-US"},{"@type":"Organization","@id":"https:\/\/zasip.si\/en\/#organization","name":"Turisti\u010dno dru\u0161tvo Zasip EN","url":"https:\/\/zasip.si\/en\/","logo":{"@type":"ImageObject","inLanguage":"en-US","@id":"https:\/\/zasip.si\/en\/#\/schema\/logo\/image\/","url":"https:\/\/zasip.si\/en\/wp-content\/uploads\/sites\/2\/2023\/05\/PRGARIJA_LOGO-24.png","contentUrl":"https:\/\/zasip.si\/en\/wp-content\/uploads\/sites\/2\/2023\/05\/PRGARIJA_LOGO-24.png","width":1182,"height":1182,"caption":"Turisti\u010dno dru\u0161tvo Zasip EN"},"image":{"@id":"https:\/\/zasip.si\/en\/#\/schema\/logo\/image\/"}},{"@type":"Person","@id":"https:\/\/zasip.si\/en\/#\/schema\/person\/37c28f9d9f0f88b4df5d8fe30622daaa","name":"TDZasip","image":{"@type":"ImageObject","inLanguage":"en-US","@id":"https:\/\/zasip.si\/en\/#\/schema\/person\/image\/","url":"https:\/\/secure.gravatar.com\/avatar\/55002ec3127f635e833edf5714ec0644?s=96&d=mm&r=g","contentUrl":"https:\/\/secure.gravatar.com\/avatar\/55002ec3127f635e833edf5714ec0644?s=96&d=mm&r=g","caption":"TDZasip"},"sameAs":["https:\/\/zasip.si"],"url":"https:\/\/zasip.si\/en\/author\/tdzasip\/"}]}},"_links":{"self":[{"href":"https:\/\/zasip.si\/en\/wp-json\/wp\/v2\/posts\/1795"}],"collection":[{"href":"https:\/\/zasip.si\/en\/wp-json\/wp\/v2\/posts"}],"about":[{"href":"https:\/\/zasip.si\/en\/wp-json\/wp\/v2\/types\/post"}],"author":[{"embeddable":true,"href":"https:\/\/zasip.si\/en\/wp-json\/wp\/v2\/users\/1"}],"replies":[{"embeddable":true,"href":"https:\/\/zasip.si\/en\/wp-json\/wp\/v2\/comments?post=1795"}],"version-history":[{"count":0,"href":"https:\/\/zasip.si\/en\/wp-json\/wp\/v2\/posts\/1795\/revisions"}],"wp:attachment":[{"href":"https:\/\/zasip.si\/en\/wp-json\/wp\/v2\/media?parent=1795"}],"wp:term":[{"taxonomy":"category","embeddable":true,"href":"https:\/\/zasip.si\/en\/wp-json\/wp\/v2\/categories?post=1795"},{"taxonomy":"post_tag","embeddable":true,"href":"https:\/\/zasip.si\/en\/wp-json\/wp\/v2\/tags?post=1795"}],"curies":[{"name":"wp","href":"https:\/\/api.w.org\/{rel}","templated":true}]}}